{"id":649,"date":"2021-01-13T14:13:22","date_gmt":"2021-01-13T13:13:22","guid":{"rendered":"http:\/\/onf-bf.org\/?p=649"},"modified":"2021-01-13T14:15:18","modified_gmt":"2021-01-13T13:15:18","slug":"aster-organise-une-journee-dechange-et-de-partage-dexperiences-autour-du-theme-foncier-et-developpement","status":"publish","type":"post","link":"https:\/\/onf-bf.org\/index.php\/2021\/01\/13\/aster-organise-une-journee-dechange-et-de-partage-dexperiences-autour-du-theme-foncier-et-developpement\/","title":{"rendered":"ASTER organise une journ\u00e9e d\u2019\u00e9change et de partage d\u2019exp\u00e9riences autour du th\u00e8me : \u00ab Foncier et D\u00e9veloppement \u00bb"},"content":{"rendered":"\n<figure class=\"wp-block-image size-large is-resized\"><img loading=\"lazy\" decoding=\"async\" src=\"https:\/\/onf-bf.org\/wp-content\/uploads\/2021\/01\/121035982_188493879582006_3396768419984171515_o-1024x683.jpg\" alt=\"\" class=\"wp-image-650\" width=\"320\" height=\"213\" srcset=\"https:\/\/onf-bf.org\/wp-content\/uploads\/2021\/01\/121035982_188493879582006_3396768419984171515_o-1024x683.jpg 1024w, https:\/\/onf-bf.org\/wp-content\/uploads\/2021\/01\/121035982_188493879582006_3396768419984171515_o-300x200.jpg 300w, https:\/\/onf-bf.org\/wp-content\/uploads\/2021\/01\/121035982_188493879582006_3396768419984171515_o-768x512.jpg 768w, https:\/\/onf-bf.org\/wp-content\/uploads\/2021\/01\/121035982_188493879582006_3396768419984171515_o-1536x1024.jpg 1536w, https:\/\/onf-bf.org\/wp-content\/uploads\/2021\/01\/121035982_188493879582006_3396768419984171515_o.jpg 2048w\" sizes=\"auto, (max-width: 320px) 100vw, 320px\" \/><\/figure>\n\n\n\n<p class=\"has-text-align-left\">Le 29 Septembre 2020, le Projet \u00ab Am\u00e9lioration et s\u00e9curisation des Terres vers la r\u00e9silience \u00bb (ASTER), financ\u00e9 par l\u2019Agence des Etats Unis pour le D\u00e9veloppement International (<a href=\"https:\/\/web.facebook.com\/hashtag\/usaid?__eep__=6&amp;__cft__[0]=AZWCYKyA3F_b4sH0neo04ah_WU77wEHVFf-BP8BtnQlOa6bNlk_zqXSNmzuxOuN-WWmsUHGVciguQsaFSsVxaL5RgY0mchJB-eFQlchud-lQwM3_vZW6UgPYQ6zSpE0cEeGY6e9xWQZAYPCk4LwcWfQ1&amp;__tn__=*NK-R\">#USAID<\/a>) et ex\u00e9cut\u00e9e par l\u2019Observatoire National du Foncier au Burkina Faso (ONF-BF), a organis\u00e9 une journ\u00e9e d\u2019\u00e9change et de partage d\u2019exp\u00e9riences autour du th\u00e8me : \u00ab Foncier et D\u00e9veloppement \u00bb au profit de ses partenaires, des Maires et des services techniques.Apr\u00e8s un an de mise en \u0153uvre, <a href=\"https:\/\/web.facebook.com\/hashtag\/aster?__eep__=6&amp;__cft__[0]=AZWCYKyA3F_b4sH0neo04ah_WU77wEHVFf-BP8BtnQlOa6bNlk_zqXSNmzuxOuN-WWmsUHGVciguQsaFSsVxaL5RgY0mchJB-eFQlchud-lQwM3_vZW6UgPYQ6zSpE0cEeGY6e9xWQZAYPCk4LwcWfQ1&amp;__tn__=*NK-R\">#ASTER<\/a> a marqu\u00e9 une halte pour un mini bilan des acquis, des difficult\u00e9s et des le\u00e7ons apprises au cours de la mise en \u0153uvre des activit\u00e9s. La rencontre a \u00e9t\u00e9 enrichie par la pr\u00e9sence des structures comme la direction g\u00e9n\u00e9rale des imp\u00f4ts, la DGFOMR, Sahel Collaboration et Communication (<a href=\"https:\/\/web.facebook.com\/hashtag\/scc?__eep__=6&amp;__cft__[0]=AZWCYKyA3F_b4sH0neo04ah_WU77wEHVFf-BP8BtnQlOa6bNlk_zqXSNmzuxOuN-WWmsUHGVciguQsaFSsVxaL5RgY0mchJB-eFQlchud-lQwM3_vZW6UgPYQ6zSpE0cEeGY6e9xWQZAYPCk4LwcWfQ1&amp;__tn__=*NK-R\">#SCC<\/a>), Terre Eau Vie (<a href=\"https:\/\/web.facebook.com\/hashtag\/tev?__eep__=6&amp;__cft__[0]=AZWCYKyA3F_b4sH0neo04ah_WU77wEHVFf-BP8BtnQlOa6bNlk_zqXSNmzuxOuN-WWmsUHGVciguQsaFSsVxaL5RgY0mchJB-eFQlchud-lQwM3_vZW6UgPYQ6zSpE0cEeGY6e9xWQZAYPCk4LwcWfQ1&amp;__tn__=*NK-R\">#TEV<\/a>), <a href=\"https:\/\/web.facebook.com\/hashtag\/vim?__eep__=6&amp;__cft__[0]=AZWCYKyA3F_b4sH0neo04ah_WU77wEHVFf-BP8BtnQlOa6bNlk_zqXSNmzuxOuN-WWmsUHGVciguQsaFSsVxaL5RgY0mchJB-eFQlchud-lQwM3_vZW6UgPYQ6zSpE0cEeGY6e9xWQZAYPCk4LwcWfQ1&amp;__tn__=*NK-R\">#ViM<\/a> Plus, le Minist\u00e8re de l\u2019Administration territoriale, de la D\u00e9centralisation, et de la Coh\u00e9sion sociale, et les mairies (Kaya, Bouroum, Gayeri, Seytenga, Barsalogho, et Rollo). Le but \u00e9tait de fournir un cadre qui permet aux diff\u00e9rents participants d\u2019exposer les le\u00e7ons tir\u00e9es de la mise en \u0153uvre des activit\u00e9s de l\u2019ann\u00e9e fiscale 2020. Au cours des \u00e9changes, les participants ont mis \u00e0 nu des perspectives pour les activit\u00e9s de l\u2019ann\u00e9e fiscale 2021 sur la base de la consolidation des exp\u00e9riences du pass\u00e9. Un exemple de r\u00e9ussite ressorti au cours de cette journ\u00e9e est l\u2019effort de collaboration entre ASTER, TEV et VIM Plus. En effet, en d\u00e9pit des difficult\u00e9s li\u00e9es \u00e0 la r\u00e9alisation, la campagne conjointe de communication a suscit\u00e9 des demandes d\u2019Attestations de possessions fonci\u00e8res rurales (APFR). Elle a permis aussi de relayer la bonne information sur la Loi 034-2009\/AN du 16 juin 2009 tout en contribuant au d\u00e9veloppement local \u00e0 travers des contrats avec les radios locales du Centre Nord ; de l\u2019Est et du Sahel.Au sortir de cet atelier, Mr. Pafadnam, Maire de la commune de Barsalogho s\u2019est exprim\u00e9 en ces termes : \u00ab Je suis tr\u00e8s heureux de constater une fois de plus les efforts de d\u00e9veloppement d\u2019ASTER. Ce type de cadre d\u2019\u00e9change pourrait mieux optimiser les efforts de tous les partenaires impliqu\u00e9s dans cette mission d\u2019am\u00e9lioration de la situation fonci\u00e8re en milieu rural \u00bb.Les participants se sont quitt\u00e9s avec la r\u00e9flexion suivante : Comment institutionnaliser cette journ\u00e9e d\u2019\u00e9change et partage d\u2019exp\u00e9riences ?<\/p>\n\n\n\n<figure class=\"wp-block-image size-large is-resized\"><img loading=\"lazy\" decoding=\"async\" src=\"https:\/\/onf-bf.org\/wp-content\/uploads\/2021\/01\/121020133_188493922915335_8549416693009198071_o-1024x683.jpg\" alt=\"\" class=\"wp-image-651\" width=\"495\" height=\"330\" srcset=\"https:\/\/onf-bf.org\/wp-content\/uploads\/2021\/01\/121020133_188493922915335_8549416693009198071_o-1024x683.jpg 1024w, https:\/\/onf-bf.org\/wp-content\/uploads\/2021\/01\/121020133_188493922915335_8549416693009198071_o-300x200.jpg 300w, https:\/\/onf-bf.org\/wp-content\/uploads\/2021\/01\/121020133_188493922915335_8549416693009198071_o-768x512.jpg 768w, https:\/\/onf-bf.org\/wp-content\/uploads\/2021\/01\/121020133_188493922915335_8549416693009198071_o-1536x1024.jpg 1536w, https:\/\/onf-bf.org\/wp-content\/uploads\/2021\/01\/121020133_188493922915335_8549416693009198071_o.jpg 2048w\" sizes=\"auto, (max-width: 495px) 100vw, 495px\" \/><\/figure>\n\n\n\n<figure class=\"wp-block-image size-large is-resized\"><img loading=\"lazy\" decoding=\"async\" src=\"https:\/\/onf-bf.org\/wp-content\/uploads\/2021\/01\/121027680_188493909582003_1257381938456046315_o-1024x683.jpg\" alt=\"\" class=\"wp-image-652\" width=\"497\" height=\"331\" srcset=\"https:\/\/onf-bf.org\/wp-content\/uploads\/2021\/01\/121027680_188493909582003_1257381938456046315_o-1024x683.jpg 1024w, https:\/\/onf-bf.org\/wp-content\/uploads\/2021\/01\/121027680_188493909582003_1257381938456046315_o-300x200.jpg 300w, https:\/\/onf-bf.org\/wp-content\/uploads\/2021\/01\/121027680_188493909582003_1257381938456046315_o-768x512.jpg 768w, https:\/\/onf-bf.org\/wp-content\/uploads\/2021\/01\/121027680_188493909582003_1257381938456046315_o-1536x1024.jpg 1536w, https:\/\/onf-bf.org\/wp-content\/uploads\/2021\/01\/121027680_188493909582003_1257381938456046315_o.jpg 2048w\" sizes=\"auto, (max-width: 497px) 100vw, 497px\" \/><\/figure>\n","protected":false},"excerpt":{"rendered":"<p>Le 29 Septembre 2020, le Projet \u00ab Am\u00e9lioration et s\u00e9curisation des Terres vers la r\u00e9silience \u00bb (ASTER), financ\u00e9 par l\u2019Agence<\/p>\n","protected":false},"author":1,"featured_media":0,"comment_status":"open","ping_status":"open","sticky":false,"template":"","format":"standard","meta":{"footnotes":""},"categories":[32],"tags":[],"class_list":["post-649","post","type-post","status-publish","format-standard","hentry","category-actualites"],"_links":{"self":[{"href":"https:\/\/onf-bf.org\/index.php\/wp-json\/wp\/v2\/posts\/649","targetHints":{"allow":["GET"]}}],"collection":[{"href":"https:\/\/onf-bf.org\/index.php\/wp-json\/wp\/v2\/posts"}],"about":[{"href":"https:\/\/onf-bf.org\/index.php\/wp-json\/wp\/v2\/types\/post"}],"author":[{"embeddable":true,"href":"https:\/\/onf-bf.org\/index.php\/wp-json\/wp\/v2\/users\/1"}],"replies":[{"embeddable":true,"href":"https:\/\/onf-bf.org\/index.php\/wp-json\/wp\/v2\/comments?post=649"}],"version-history":[{"count":1,"href":"https:\/\/onf-bf.org\/index.php\/wp-json\/wp\/v2\/posts\/649\/revisions"}],"predecessor-version":[{"id":653,"href":"https:\/\/onf-bf.org\/index.php\/wp-json\/wp\/v2\/posts\/649\/revisions\/653"}],"wp:attachment":[{"href":"https:\/\/onf-bf.org\/index.php\/wp-json\/wp\/v2\/media?parent=649"}],"wp:term":[{"taxonomy":"category","embeddable":true,"href":"https:\/\/onf-bf.org\/index.php\/wp-json\/wp\/v2\/categories?post=649"},{"taxonomy":"post_tag","embeddable":true,"href":"https:\/\/onf-bf.org\/index.php\/wp-json\/wp\/v2\/tags?post=649"}],"curies":[{"name":"wp","href":"https:\/\/api.w.org\/{rel}","templated":true}]}}